{"id":1376,"date":"2024-02-19T15:25:19","date_gmt":"2024-02-19T14:25:19","guid":{"rendered":"https:\/\/www.ferro-vert.fr\/?p=1376"},"modified":"2024-05-24T16:14:14","modified_gmt":"2024-05-24T14:14:14","slug":"modernisation-des-ecrans-livre-blanc-decarbonation","status":"publish","type":"post","link":"https:\/\/www.ferro-vert.fr\/index.php\/2024\/02\/19\/modernisation-des-ecrans-livre-blanc-decarbonation\/","title":{"rendered":"Modernisation des \u00e9crans"},"content":{"rendered":"\t\t<div data-elementor-type=\"wp-post\" data-elementor-id=\"1376\" class=\"elementor elementor-1376\" data-elementor-post-type=\"post\">\n\t\t\t\t<div class=\"elementor-element elementor-element-cf62eab e-flex e-con-boxed e-con e-parent\" data-id=\"cf62eab\" data-element_type=\"container\" data-e-type=\"container\" data-settings=\"{&quot;background_background&quot;:&quot;gradient&quot;,&quot;shape_divider_top&quot;:&quot;mountains&quot;,&quot;sticky&quot;:&quot;top&quot;,&quot;sticky_on&quot;:[&quot;desktop&quot;,&quot;tablet&quot;,&quot;mobile&quot;],&quot;sticky_offset&quot;:0,&quot;sticky_effects_offset&quot;:0,&quot;sticky_anchor_link_offset&quot;:0}\">\n\t\t\t\t\t<div class=\"e-con-inner\">\n\t\t\t\t<div class=\"elementor-shape elementor-shape-top\" aria-hidden=\"true\" data-negative=\"false\">\n\t\t\t<svg xmlns=\"http:\/\/www.w3.org\/2000\/svg\" viewBox=\"0 0 1000 100\" preserveAspectRatio=\"none\">\n\t<path class=\"elementor-shape-fill\" opacity=\"0.33\" d=\"M473,67.3c-203.9,88.3-263.1-34-320.3,0C66,119.1,0,59.7,0,59.7V0h1000v59.7 c0,0-62.1,26.1-94.9,29.3c-32.8,3.3-62.8-12.3-75.8-22.1C806,49.6,745.3,8.7,694.9,4.7S492.4,59,473,67.3z\"\/>\n\t<path class=\"elementor-shape-fill\" opacity=\"0.66\" d=\"M734,67.3c-45.5,0-77.2-23.2-129.1-39.1c-28.6-8.7-150.3-10.1-254,39.1 s-91.7-34.4-149.2,0C115.7,118.3,0,39.8,0,39.8V0h1000v36.5c0,0-28.2-18.5-92.1-18.5C810.2,18.1,775.7,67.3,734,67.3z\"\/>\n\t<path class=\"elementor-shape-fill\" d=\"M766.1,28.9c-200-57.5-266,65.5-395.1,19.5C242,1.8,242,5.4,184.8,20.6C128,35.8,132.3,44.9,89.9,52.5C28.6,63.7,0,0,0,0 h1000c0,0-9.9,40.9-83.6,48.1S829.6,47,766.1,28.9z\"\/>\n<\/svg>\t\t<\/div>\n\t\t<div class=\"elementor-element elementor-element-cf0750a e-flex e-con-boxed e-con e-child\" data-id=\"cf0750a\" data-element_type=\"container\" data-e-type=\"container\">\n\t\t\t\t\t<div class=\"e-con-inner\">\n\t\t<div class=\"elementor-element elementor-element-9f9f573 e-con-full e-flex e-con e-child\" data-id=\"9f9f573\" data-element_type=\"container\" data-e-type=\"container\">\n\t\t\t\t<div class=\"elementor-element elementor-element-cd81b73 elementor-widget elementor-widget-theme-post-title elementor-page-title elementor-widget-heading\" data-id=\"cd81b73\" data-element_type=\"widget\" data-e-type=\"widget\" data-widget_type=\"theme-post-title.default\">\n\t\t\t\t<div class=\"elementor-widget-container\">\n\t\t\t\t\t<h1 class=\"elementor-heading-title elementor-size-default\">Modernisation des \u00e9crans<\/h1>\t\t\t\t<\/div>\n\t\t\t\t<\/div>\n\t\t\t\t<\/div>\n\t\t<div class=\"elementor-element elementor-element-71c2444 e-flex e-con-boxed e-con e-child\" data-id=\"71c2444\" data-element_type=\"container\" data-e-type=\"container\">\n\t\t\t\t\t<div class=\"e-con-inner\">\n\t\t\t\t<div class=\"elementor-element elementor-element-825d207 elementor-widget elementor-widget-theme-post-featured-image elementor-widget-image\" data-id=\"825d207\" data-element_type=\"widget\" data-e-type=\"widget\" data-widget_type=\"theme-post-featured-image.default\">\n\t\t\t\t<div class=\"elementor-widget-container\">\n\t\t\t\t\t\t\t\t\t\t\t\t\t\t\t<img decoding=\"async\" src=\"https:\/\/www.ferro-vert.fr\/wp-content\/uploads\/elementor\/thumbs\/Modernisation-des-ecrans-qmttwu7k4tvg8642r5i3cn4phkl4yq6foum1nh3rgw.png\" title=\"Modernisation des \u00e9crans\" alt=\"Modernisation des \u00e9crans\" loading=\"lazy\" \/>\t\t\t\t\t\t\t\t\t\t\t\t\t\t\t<\/div>\n\t\t\t\t<\/div>\n\t\t\t\t\t<\/div>\n\t\t\t\t<\/div>\n\t\t\t\t\t<\/div>\n\t\t\t\t<\/div>\n\t\t\t\t\t<\/div>\n\t\t\t\t<\/div>\n\t\t<div class=\"elementor-element elementor-element-ceee2dc e-flex e-con-boxed e-con e-parent\" data-id=\"ceee2dc\" data-element_type=\"container\" data-e-type=\"container\" data-settings=\"{&quot;background_background&quot;:&quot;gradient&quot;}\">\n\t\t\t\t\t<div class=\"e-con-inner\">\n\t\t<div class=\"elementor-element elementor-element-7cd78e3 e-flex e-con-boxed e-con e-child\" data-id=\"7cd78e3\" data-element_type=\"container\" data-e-type=\"container\">\n\t\t\t\t\t<div class=\"e-con-inner\">\n\t\t<div class=\"elementor-element elementor-element-a4e7f94 e-flex e-con-boxed e-con e-child\" data-id=\"a4e7f94\" data-element_type=\"container\" data-e-type=\"container\">\n\t\t\t\t\t<div class=\"e-con-inner\">\n\t\t<div class=\"elementor-element elementor-element-405e38b e-flex e-con-boxed e-con e-child\" data-id=\"405e38b\" data-element_type=\"container\" data-e-type=\"container\">\n\t\t\t\t\t<div class=\"e-con-inner\">\n\t\t\t\t<div class=\"elementor-element elementor-element-402eb66 elementor-widget elementor-widget-text-editor\" data-id=\"402eb66\" data-element_type=\"widget\" data-e-type=\"widget\" data-widget_type=\"text-editor.default\">\n\t\t\t\t<div class=\"elementor-widget-container\">\n\t\t\t\t\t\t\t\t\t<p><em>\u00ab\u00a0<\/em><span style=\"letter-spacing: 0px; word-spacing: 0em; text-align: var(--text-align); background-color: transparent;\"><i>Le d\u00e9ploiement d\u2019\u00e9crans optimis\u00e9s diminue l\u2019impact environnemental<\/i>.<\/span><em style=\"letter-spacing: 0px; word-spacing: 0em; text-align: var(--text-align); background-color: transparent;\">\u00a0\u00bb<\/em><\/p><p><em style=\"letter-spacing: 0px; word-spacing: 0em; text-align: var(--text-align); background-color: transparent;\">\u00a0<\/em><\/p><p><strong>\u00a0<\/strong><strong style=\"letter-spacing: 0px; word-spacing: 0em; text-align: var(--text-align); background-color: transparent;\">Le chiffre :<\/strong><\/p><p>Au-del\u00e0 des gains en poids et en consommation \u00e9nerg\u00e9tique, les nouveaux types d\u2019\u00e9crans permettent de doubler leur dur\u00e9e de vie.<\/p><p>\u00a0<\/p><p>\u00a0<\/p><p><span style=\"font-weight: bolder; letter-spacing: 0px; text-align: var(--text-align); word-spacing: 0em; background-color: transparent;\">Constat :<\/span><\/p><p>Aujourd\u2019hui, on observe une multiplication de l\u2019\u00e9lectronique embarqu\u00e9e dans les trains, notamment, pour am\u00e9liorer le confort passager et pour r\u00e9pondre \u00e0 une demande toujours plus grande de connectivit\u00e9. Cela pose naturellement des probl\u00e8mes d\u2019empreinte carbone qui est accrue par l\u2019obsolescence toujours plus rapide de ces \u00e9quipements.<\/p>\t\t\t\t\t\t\t\t<\/div>\n\t\t\t\t<\/div>\n\t\t\t\t\t<\/div>\n\t\t\t\t<\/div>\n\t\t\t\t\t<\/div>\n\t\t\t\t<\/div>\n\t\t\t\t\t<\/div>\n\t\t\t\t<\/div>\n\t\t\t\t\t<\/div>\n\t\t\t\t<\/div>\n\t\t<div class=\"elementor-element elementor-element-6b84540 e-flex e-con-boxed e-con e-parent\" data-id=\"6b84540\" data-element_type=\"container\" data-e-type=\"container\" data-settings=\"{&quot;background_background&quot;:&quot;gradient&quot;}\">\n\t\t\t\t\t<div class=\"e-con-inner\">\n\t\t<div class=\"elementor-element elementor-element-652d860 e-flex e-con-boxed e-con e-child\" data-id=\"652d860\" data-element_type=\"container\" data-e-type=\"container\">\n\t\t\t\t\t<div class=\"e-con-inner\">\n\t\t<div class=\"elementor-element elementor-element-f8e5b2b e-flex e-con-boxed e-con e-child\" data-id=\"f8e5b2b\" data-element_type=\"container\" data-e-type=\"container\">\n\t\t\t\t\t<div class=\"e-con-inner\">\n\t\t<div class=\"elementor-element elementor-element-5ba9044 e-flex e-con-boxed e-con e-child\" data-id=\"5ba9044\" data-element_type=\"container\" data-e-type=\"container\">\n\t\t\t\t\t<div class=\"e-con-inner\">\n\t\t<div class=\"elementor-element elementor-element-de26209 e-flex e-con-boxed e-con e-child\" data-id=\"de26209\" data-element_type=\"container\" data-e-type=\"container\">\n\t\t\t\t\t<div class=\"e-con-inner\">\n\t\t\t\t<div class=\"elementor-element elementor-element-f76fafb elementor-widget elementor-widget-text-editor\" data-id=\"f76fafb\" data-element_type=\"widget\" data-e-type=\"widget\" data-widget_type=\"text-editor.default\">\n\t\t\t\t<div class=\"elementor-widget-container\">\n\t\t\t\t\t\t\t\t\t<h2><span style=\"letter-spacing: 0px; word-spacing: 0em; text-align: var(--text-align); background-color: transparent;\"><b>Projet :<\/b><\/span><\/h2>\n<p>Face \u00e0 la demande croissante du nombre de supports d\u2019informations visuels dans les trains et les gares, WABTEC a souhait\u00e9 optimiser l\u2019impact environnemental de ce type d\u2019\u00e9quipements.<\/p>\n<p><span style=\"letter-spacing: 0px; word-spacing: 0em; text-align: var(--text-align); background-color: transparent;\">&nbsp;<\/span><\/p>\n<h3><strong><span style=\"letter-spacing: 0px; word-spacing: 0em; text-align: var(--text-align); background-color: transparent;\">Principe :<\/span><\/strong><\/h3>\n<p>Pour atteindre les objectifs d\u2019optimisation, Wabtec a con\u00e7u la gamme iSmart Display,<br>des \u00e9crans personnalisables et l\u00e9gers gr\u00e2ce \u00e0 sa propre technologie de d\u00e9coupe de panneaux TFT et \u00e0 son syst\u00e8me unique de gestion intelligente du r\u00e9tro\u00e9clairage. Ces avanc\u00e9es ont permis de r\u00e9aliser, en autres, des \u00e9crans doubles faces tr\u00e8s fins et d\u2019obtenir des performances remarquables :&nbsp;<\/p>\n<p>&nbsp;\u2022 une dur\u00e9e de vie sup\u00e9rieure \u00e0 15 ans,&nbsp;<\/p>\n<p>\u2022 une \u00e9conomie d\u2019\u00e9nergie allant jusqu\u2019\u00e0 30%,&nbsp;<\/p>\n<p>\u2022 un all\u00e8gement de la masse pouvant atteindre 75%.<\/p>\n<p><span style=\"letter-spacing: 0px; word-spacing: 0em; text-align: var(--text-align); background-color: transparent;\">&nbsp;<\/span><\/p>\n<h3><span style=\"letter-spacing: 0px; word-spacing: 0em; text-align: var(--text-align); background-color: transparent;\"><b>P\u00e9rim\u00e8tre :<\/b><\/span><\/h3>\n<p>Tous types d\u2019\u00e9crans d\u00e9ploy\u00e9s dans les trains.<span style=\"letter-spacing: 0px; word-spacing: 0em; text-align: var(--text-align); background-color: transparent;\"><br><\/span><\/p>\n<p><br><\/p>\n<p><\/p>\n<h3><b>Facteurs de r\u00e9ussite :<\/b>&nbsp;<\/h3>\n<p>Adh\u00e9sion du client.<\/p>\n<p><br><\/p>\n<p><\/p>\n<h3><b>Planification :<\/b>&nbsp;<\/h3>\n<p>Technologie disponible.<\/p><p>&nbsp;<\/p><p>&nbsp;<\/p><p><i>Cette fiche de bonne pratique est issue du livre blanc d\u00e9carbonation FIF\/SNCF que vous pouvez retrouver dans son int\u00e9gralit\u00e9 ci-dessous :<\/i><\/p><p><i><a href=\"https:\/\/www.ferro-vert.fr\/wp-content\/uploads\/2024\/05\/livre-blanc-decarbonation-fif-sncf-v2.pdf\">Livre blanc d\u00e9carbonation FIF-SNCF V2<\/a><\/i><\/p>\n<p><\/p>\t\t\t\t\t\t\t\t<\/div>\n\t\t\t\t<\/div>\n\t\t\t\t\t<\/div>\n\t\t\t\t<\/div>\n\t\t\t\t\t<\/div>\n\t\t\t\t<\/div>\n\t\t\t\t\t<\/div>\n\t\t\t\t<\/div>\n\t\t<div class=\"elementor-element elementor-element-dbc5d3e e-flex e-con-boxed e-con e-child\" data-id=\"dbc5d3e\" data-element_type=\"container\" data-e-type=\"container\">\n\t\t\t\t\t<div class=\"e-con-inner\">\n\t\t\t\t\t<\/div>\n\t\t\t\t<\/div>\n\t\t\t\t\t<\/div>\n\t\t\t\t<\/div>\n\t\t\t\t\t<\/div>\n\t\t\t\t<\/div>\n\t\t<div class=\"elementor-element elementor-element-ce628b9 e-flex e-con-boxed e-con e-parent\" data-id=\"ce628b9\" data-element_type=\"container\" data-e-type=\"container\" data-settings=\"{&quot;background_background&quot;:&quot;gradient&quot;}\">\n\t\t\t\t\t<div class=\"e-con-inner\">\n\t\t<div class=\"elementor-element elementor-element-598a74c e-flex e-con-boxed e-con e-child\" data-id=\"598a74c\" data-element_type=\"container\" data-e-type=\"container\">\n\t\t\t\t\t<div class=\"e-con-inner\">\n\t\t\t\t<div class=\"elementor-element elementor-element-0209552 elementor-widget elementor-widget-heading\" data-id=\"0209552\" data-element_type=\"widget\" data-e-type=\"widget\" data-widget_type=\"heading.default\">\n\t\t\t\t<div class=\"elementor-widget-container\">\n\t\t\t\t\t<h2 class=\"elementor-heading-title elementor-size-default\">Contact<\/h2>\t\t\t\t<\/div>\n\t\t\t\t<\/div>\n\t\t\t\t\t<\/div>\n\t\t\t\t<\/div>\n\t\t<div class=\"elementor-element elementor-element-55a32a1 e-flex e-con-boxed e-con e-child\" data-id=\"55a32a1\" data-element_type=\"container\" data-e-type=\"container\">\n\t\t\t\t\t<div class=\"e-con-inner\">\n\t\t\t\t<div class=\"elementor-element elementor-element-a5374be elementor-widget elementor-widget-text-editor\" data-id=\"a5374be\" data-element_type=\"widget\" data-e-type=\"widget\" data-widget_type=\"text-editor.default\">\n\t\t\t\t<div class=\"elementor-widget-container\">\n\t\t\t\t\t\t\t\t\t<p>info.cctvpis@wabtec.com<br \/>www.wabteccorp.com<\/p>\t\t\t\t\t\t\t\t<\/div>\n\t\t\t\t<\/div>\n\t\t\t\t\t<\/div>\n\t\t\t\t<\/div>\n\t\t\t\t\t<\/div>\n\t\t\t\t<\/div>\n\t\t\t\t<\/div>\n\t\t","protected":false},"excerpt":{"rendered":"<p>\u00ab\u00a0Le d\u00e9ploiement d\u2019\u00e9crans optimis\u00e9s diminue l\u2019impact environnemental.\u00a0\u00bb \u00a0 \u00a0Le chiffre : Au-del\u00e0 des gains en poids et en consommation \u00e9nerg\u00e9tique, les nouveaux types d\u2019\u00e9crans permettent de doubler leur dur\u00e9e de vie. \u00a0 \u00a0 Constat : Aujourd\u2019hui, on observe une multiplication de l\u2019\u00e9lectronique embarqu\u00e9e dans les trains, notamment, pour am\u00e9liorer le confort passager et pour r\u00e9pondre [&hellip;]<\/p>\n","protected":false},"author":2,"featured_media":1378,"comment_status":"closed","ping_status":"open","sticky":false,"template":"elementor_header_footer","format":"standard","meta":{"footnotes":""},"categories":[34],"tags":[],"class_list":["post-1376","post","type-post","status-publish","format-standard","has-post-thumbnail","hentry","category-wabtec"],"yoast_head":"<!-- This site is optimized with the Yoast SEO plugin v26.8 - https:\/\/yoast.com\/product\/yoast-seo-wordpress\/ -->\n<title>Modernisation des \u00e9crans - Ferro-Vert<\/title>\n<meta name=\"robots\" content=\"index, follow, max-snippet:-1, max-image-preview:large, max-video-preview:-1\" \/>\n<link rel=\"canonical\" href=\"https:\/\/www.ferro-vert.fr\/index.php\/2024\/02\/19\/modernisation-des-ecrans-livre-blanc-decarbonation\/\" \/>\n<meta property=\"og:locale\" content=\"en_US\" \/>\n<meta property=\"og:type\" content=\"article\" \/>\n<meta property=\"og:title\" content=\"Modernisation des \u00e9crans - Ferro-Vert\" \/>\n<meta property=\"og:description\" content=\"\u00ab\u00a0Le d\u00e9ploiement d\u2019\u00e9crans optimis\u00e9s diminue l\u2019impact environnemental.\u00a0\u00bb \u00a0 \u00a0Le chiffre : Au-del\u00e0 des gains en poids et en consommation \u00e9nerg\u00e9tique, les nouveaux types d\u2019\u00e9crans permettent de doubler leur dur\u00e9e de vie. \u00a0 \u00a0 Constat : Aujourd\u2019hui, on observe une multiplication de l\u2019\u00e9lectronique embarqu\u00e9e dans les trains, notamment, pour am\u00e9liorer le confort passager et pour r\u00e9pondre [&hellip;]\" \/>\n<meta property=\"og:url\" content=\"https:\/\/www.ferro-vert.fr\/index.php\/2024\/02\/19\/modernisation-des-ecrans-livre-blanc-decarbonation\/\" \/>\n<meta property=\"og:site_name\" content=\"Ferro-Vert\" \/>\n<meta property=\"article:published_time\" content=\"2024-02-19T14:25:19+00:00\" \/>\n<meta property=\"article:modified_time\" content=\"2024-05-24T14:14:14+00:00\" \/>\n<meta property=\"og:image\" content=\"https:\/\/www.ferro-vert.fr\/wp-content\/uploads\/2024\/02\/Modernisation-des-ecrans.png\" \/>\n\t<meta property=\"og:image:width\" content=\"367\" \/>\n\t<meta property=\"og:image:height\" content=\"336\" \/>\n\t<meta property=\"og:image:type\" content=\"image\/png\" \/>\n<meta name=\"author\" content=\"Achille PAYANT\" \/>\n<meta name=\"twitter:card\" content=\"summary_large_image\" \/>\n<meta name=\"twitter:label1\" content=\"Written by\" \/>\n\t<meta name=\"twitter:data1\" content=\"Achille PAYANT\" \/>\n\t<meta name=\"twitter:label2\" content=\"Est. reading time\" \/>\n\t<meta name=\"twitter:data2\" content=\"2 minutes\" \/>\n<script type=\"application\/ld+json\" class=\"yoast-schema-graph\">{\"@context\":\"https:\/\/schema.org\",\"@graph\":[{\"@type\":\"Article\",\"@id\":\"https:\/\/www.ferro-vert.fr\/index.php\/2024\/02\/19\/modernisation-des-ecrans-livre-blanc-decarbonation\/#article\",\"isPartOf\":{\"@id\":\"https:\/\/www.ferro-vert.fr\/index.php\/2024\/02\/19\/modernisation-des-ecrans-livre-blanc-decarbonation\/\"},\"author\":{\"name\":\"Achille PAYANT\",\"@id\":\"https:\/\/www.ferro-vert.fr\/#\/schema\/person\/c1d7061a6e3cfca91a8003fcb26e5e7c\"},\"headline\":\"Modernisation des \u00e9crans\",\"datePublished\":\"2024-02-19T14:25:19+00:00\",\"dateModified\":\"2024-05-24T14:14:14+00:00\",\"mainEntityOfPage\":{\"@id\":\"https:\/\/www.ferro-vert.fr\/index.php\/2024\/02\/19\/modernisation-des-ecrans-livre-blanc-decarbonation\/\"},\"wordCount\":282,\"publisher\":{\"@id\":\"https:\/\/www.ferro-vert.fr\/#organization\"},\"image\":{\"@id\":\"https:\/\/www.ferro-vert.fr\/index.php\/2024\/02\/19\/modernisation-des-ecrans-livre-blanc-decarbonation\/#primaryimage\"},\"thumbnailUrl\":\"https:\/\/www.ferro-vert.fr\/wp-content\/uploads\/2024\/02\/Modernisation-des-ecrans.png\",\"articleSection\":[\"WABTEC\"],\"inLanguage\":\"en-US\"},{\"@type\":\"WebPage\",\"@id\":\"https:\/\/www.ferro-vert.fr\/index.php\/2024\/02\/19\/modernisation-des-ecrans-livre-blanc-decarbonation\/\",\"url\":\"https:\/\/www.ferro-vert.fr\/index.php\/2024\/02\/19\/modernisation-des-ecrans-livre-blanc-decarbonation\/\",\"name\":\"Modernisation des \u00e9crans - Ferro-Vert\",\"isPartOf\":{\"@id\":\"https:\/\/www.ferro-vert.fr\/#website\"},\"primaryImageOfPage\":{\"@id\":\"https:\/\/www.ferro-vert.fr\/index.php\/2024\/02\/19\/modernisation-des-ecrans-livre-blanc-decarbonation\/#primaryimage\"},\"image\":{\"@id\":\"https:\/\/www.ferro-vert.fr\/index.php\/2024\/02\/19\/modernisation-des-ecrans-livre-blanc-decarbonation\/#primaryimage\"},\"thumbnailUrl\":\"https:\/\/www.ferro-vert.fr\/wp-content\/uploads\/2024\/02\/Modernisation-des-ecrans.png\",\"datePublished\":\"2024-02-19T14:25:19+00:00\",\"dateModified\":\"2024-05-24T14:14:14+00:00\",\"breadcrumb\":{\"@id\":\"https:\/\/www.ferro-vert.fr\/index.php\/2024\/02\/19\/modernisation-des-ecrans-livre-blanc-decarbonation\/#breadcrumb\"},\"inLanguage\":\"en-US\",\"potentialAction\":[{\"@type\":\"ReadAction\",\"target\":[\"https:\/\/www.ferro-vert.fr\/index.php\/2024\/02\/19\/modernisation-des-ecrans-livre-blanc-decarbonation\/\"]}]},{\"@type\":\"ImageObject\",\"inLanguage\":\"en-US\",\"@id\":\"https:\/\/www.ferro-vert.fr\/index.php\/2024\/02\/19\/modernisation-des-ecrans-livre-blanc-decarbonation\/#primaryimage\",\"url\":\"https:\/\/www.ferro-vert.fr\/wp-content\/uploads\/2024\/02\/Modernisation-des-ecrans.png\",\"contentUrl\":\"https:\/\/www.ferro-vert.fr\/wp-content\/uploads\/2024\/02\/Modernisation-des-ecrans.png\",\"width\":367,\"height\":336},{\"@type\":\"BreadcrumbList\",\"@id\":\"https:\/\/www.ferro-vert.fr\/index.php\/2024\/02\/19\/modernisation-des-ecrans-livre-blanc-decarbonation\/#breadcrumb\",\"itemListElement\":[{\"@type\":\"ListItem\",\"position\":1,\"name\":\"Accueil\",\"item\":\"https:\/\/www.ferro-vert.fr\/\"},{\"@type\":\"ListItem\",\"position\":2,\"name\":\"Modernisation des \u00e9crans\"}]},{\"@type\":\"WebSite\",\"@id\":\"https:\/\/www.ferro-vert.fr\/#website\",\"url\":\"https:\/\/www.ferro-vert.fr\/\",\"name\":\"Ferro-Vert\",\"description\":\"Plateforme de bonnes pratiques de l&#039;industrie ferroviaire\",\"publisher\":{\"@id\":\"https:\/\/www.ferro-vert.fr\/#organization\"},\"potentialAction\":[{\"@type\":\"SearchAction\",\"target\":{\"@type\":\"EntryPoint\",\"urlTemplate\":\"https:\/\/www.ferro-vert.fr\/?s={search_term_string}\"},\"query-input\":{\"@type\":\"PropertyValueSpecification\",\"valueRequired\":true,\"valueName\":\"search_term_string\"}}],\"inLanguage\":\"en-US\"},{\"@type\":\"Organization\",\"@id\":\"https:\/\/www.ferro-vert.fr\/#organization\",\"name\":\"Ferro-Vert\",\"url\":\"https:\/\/www.ferro-vert.fr\/\",\"logo\":{\"@type\":\"ImageObject\",\"inLanguage\":\"en-US\",\"@id\":\"https:\/\/www.ferro-vert.fr\/#\/schema\/logo\/image\/\",\"url\":\"https:\/\/www.ferro-vert.fr\/wp-content\/uploads\/2023\/10\/LOGO_FERRO-VERT.png\",\"contentUrl\":\"https:\/\/www.ferro-vert.fr\/wp-content\/uploads\/2023\/10\/LOGO_FERRO-VERT.png\",\"width\":383,\"height\":222,\"caption\":\"Ferro-Vert\"},\"image\":{\"@id\":\"https:\/\/www.ferro-vert.fr\/#\/schema\/logo\/image\/\"}},{\"@type\":\"Person\",\"@id\":\"https:\/\/www.ferro-vert.fr\/#\/schema\/person\/c1d7061a6e3cfca91a8003fcb26e5e7c\",\"name\":\"Achille PAYANT\",\"image\":{\"@type\":\"ImageObject\",\"inLanguage\":\"en-US\",\"@id\":\"https:\/\/www.ferro-vert.fr\/#\/schema\/person\/image\/\",\"url\":\"https:\/\/secure.gravatar.com\/avatar\/771fd5e897c8000e111d9f055fbffe4421079555a368f2e779b1e5228a39ff15?s=96&d=mm&r=g\",\"contentUrl\":\"https:\/\/secure.gravatar.com\/avatar\/771fd5e897c8000e111d9f055fbffe4421079555a368f2e779b1e5228a39ff15?s=96&d=mm&r=g\",\"caption\":\"Achille PAYANT\"},\"url\":\"https:\/\/www.ferro-vert.fr\/index.php\/author\/apayant\/\"}]}<\/script>\n<!-- \/ Yoast SEO plugin. -->","yoast_head_json":{"title":"Modernisation des \u00e9crans - Ferro-Vert","robots":{"index":"index","follow":"follow","max-snippet":"max-snippet:-1","max-image-preview":"max-image-preview:large","max-video-preview":"max-video-preview:-1"},"canonical":"https:\/\/www.ferro-vert.fr\/index.php\/2024\/02\/19\/modernisation-des-ecrans-livre-blanc-decarbonation\/","og_locale":"en_US","og_type":"article","og_title":"Modernisation des \u00e9crans - Ferro-Vert","og_description":"\u00ab\u00a0Le d\u00e9ploiement d\u2019\u00e9crans optimis\u00e9s diminue l\u2019impact environnemental.\u00a0\u00bb \u00a0 \u00a0Le chiffre : Au-del\u00e0 des gains en poids et en consommation \u00e9nerg\u00e9tique, les nouveaux types d\u2019\u00e9crans permettent de doubler leur dur\u00e9e de vie. \u00a0 \u00a0 Constat : Aujourd\u2019hui, on observe une multiplication de l\u2019\u00e9lectronique embarqu\u00e9e dans les trains, notamment, pour am\u00e9liorer le confort passager et pour r\u00e9pondre [&hellip;]","og_url":"https:\/\/www.ferro-vert.fr\/index.php\/2024\/02\/19\/modernisation-des-ecrans-livre-blanc-decarbonation\/","og_site_name":"Ferro-Vert","article_published_time":"2024-02-19T14:25:19+00:00","article_modified_time":"2024-05-24T14:14:14+00:00","og_image":[{"width":367,"height":336,"url":"https:\/\/www.ferro-vert.fr\/wp-content\/uploads\/2024\/02\/Modernisation-des-ecrans.png","type":"image\/png"}],"author":"Achille PAYANT","twitter_card":"summary_large_image","twitter_misc":{"Written by":"Achille PAYANT","Est. reading time":"2 minutes"},"schema":{"@context":"https:\/\/schema.org","@graph":[{"@type":"Article","@id":"https:\/\/www.ferro-vert.fr\/index.php\/2024\/02\/19\/modernisation-des-ecrans-livre-blanc-decarbonation\/#article","isPartOf":{"@id":"https:\/\/www.ferro-vert.fr\/index.php\/2024\/02\/19\/modernisation-des-ecrans-livre-blanc-decarbonation\/"},"author":{"name":"Achille PAYANT","@id":"https:\/\/www.ferro-vert.fr\/#\/schema\/person\/c1d7061a6e3cfca91a8003fcb26e5e7c"},"headline":"Modernisation des \u00e9crans","datePublished":"2024-02-19T14:25:19+00:00","dateModified":"2024-05-24T14:14:14+00:00","mainEntityOfPage":{"@id":"https:\/\/www.ferro-vert.fr\/index.php\/2024\/02\/19\/modernisation-des-ecrans-livre-blanc-decarbonation\/"},"wordCount":282,"publisher":{"@id":"https:\/\/www.ferro-vert.fr\/#organization"},"image":{"@id":"https:\/\/www.ferro-vert.fr\/index.php\/2024\/02\/19\/modernisation-des-ecrans-livre-blanc-decarbonation\/#primaryimage"},"thumbnailUrl":"https:\/\/www.ferro-vert.fr\/wp-content\/uploads\/2024\/02\/Modernisation-des-ecrans.png","articleSection":["WABTEC"],"inLanguage":"en-US"},{"@type":"WebPage","@id":"https:\/\/www.ferro-vert.fr\/index.php\/2024\/02\/19\/modernisation-des-ecrans-livre-blanc-decarbonation\/","url":"https:\/\/www.ferro-vert.fr\/index.php\/2024\/02\/19\/modernisation-des-ecrans-livre-blanc-decarbonation\/","name":"Modernisation des \u00e9crans - Ferro-Vert","isPartOf":{"@id":"https:\/\/www.ferro-vert.fr\/#website"},"primaryImageOfPage":{"@id":"https:\/\/www.ferro-vert.fr\/index.php\/2024\/02\/19\/modernisation-des-ecrans-livre-blanc-decarbonation\/#primaryimage"},"image":{"@id":"https:\/\/www.ferro-vert.fr\/index.php\/2024\/02\/19\/modernisation-des-ecrans-livre-blanc-decarbonation\/#primaryimage"},"thumbnailUrl":"https:\/\/www.ferro-vert.fr\/wp-content\/uploads\/2024\/02\/Modernisation-des-ecrans.png","datePublished":"2024-02-19T14:25:19+00:00","dateModified":"2024-05-24T14:14:14+00:00","breadcrumb":{"@id":"https:\/\/www.ferro-vert.fr\/index.php\/2024\/02\/19\/modernisation-des-ecrans-livre-blanc-decarbonation\/#breadcrumb"},"inLanguage":"en-US","potentialAction":[{"@type":"ReadAction","target":["https:\/\/www.ferro-vert.fr\/index.php\/2024\/02\/19\/modernisation-des-ecrans-livre-blanc-decarbonation\/"]}]},{"@type":"ImageObject","inLanguage":"en-US","@id":"https:\/\/www.ferro-vert.fr\/index.php\/2024\/02\/19\/modernisation-des-ecrans-livre-blanc-decarbonation\/#primaryimage","url":"https:\/\/www.ferro-vert.fr\/wp-content\/uploads\/2024\/02\/Modernisation-des-ecrans.png","contentUrl":"https:\/\/www.ferro-vert.fr\/wp-content\/uploads\/2024\/02\/Modernisation-des-ecrans.png","width":367,"height":336},{"@type":"BreadcrumbList","@id":"https:\/\/www.ferro-vert.fr\/index.php\/2024\/02\/19\/modernisation-des-ecrans-livre-blanc-decarbonation\/#breadcrumb","itemListElement":[{"@type":"ListItem","position":1,"name":"Accueil","item":"https:\/\/www.ferro-vert.fr\/"},{"@type":"ListItem","position":2,"name":"Modernisation des \u00e9crans"}]},{"@type":"WebSite","@id":"https:\/\/www.ferro-vert.fr\/#website","url":"https:\/\/www.ferro-vert.fr\/","name":"Ferro-Vert","description":"Plateforme de bonnes pratiques de l&#039;industrie ferroviaire","publisher":{"@id":"https:\/\/www.ferro-vert.fr\/#organization"},"potentialAction":[{"@type":"SearchAction","target":{"@type":"EntryPoint","urlTemplate":"https:\/\/www.ferro-vert.fr\/?s={search_term_string}"},"query-input":{"@type":"PropertyValueSpecification","valueRequired":true,"valueName":"search_term_string"}}],"inLanguage":"en-US"},{"@type":"Organization","@id":"https:\/\/www.ferro-vert.fr\/#organization","name":"Ferro-Vert","url":"https:\/\/www.ferro-vert.fr\/","logo":{"@type":"ImageObject","inLanguage":"en-US","@id":"https:\/\/www.ferro-vert.fr\/#\/schema\/logo\/image\/","url":"https:\/\/www.ferro-vert.fr\/wp-content\/uploads\/2023\/10\/LOGO_FERRO-VERT.png","contentUrl":"https:\/\/www.ferro-vert.fr\/wp-content\/uploads\/2023\/10\/LOGO_FERRO-VERT.png","width":383,"height":222,"caption":"Ferro-Vert"},"image":{"@id":"https:\/\/www.ferro-vert.fr\/#\/schema\/logo\/image\/"}},{"@type":"Person","@id":"https:\/\/www.ferro-vert.fr\/#\/schema\/person\/c1d7061a6e3cfca91a8003fcb26e5e7c","name":"Achille PAYANT","image":{"@type":"ImageObject","inLanguage":"en-US","@id":"https:\/\/www.ferro-vert.fr\/#\/schema\/person\/image\/","url":"https:\/\/secure.gravatar.com\/avatar\/771fd5e897c8000e111d9f055fbffe4421079555a368f2e779b1e5228a39ff15?s=96&d=mm&r=g","contentUrl":"https:\/\/secure.gravatar.com\/avatar\/771fd5e897c8000e111d9f055fbffe4421079555a368f2e779b1e5228a39ff15?s=96&d=mm&r=g","caption":"Achille PAYANT"},"url":"https:\/\/www.ferro-vert.fr\/index.php\/author\/apayant\/"}]}},"_links":{"self":[{"href":"https:\/\/www.ferro-vert.fr\/index.php\/wp-json\/wp\/v2\/posts\/1376","targetHints":{"allow":["GET"]}}],"collection":[{"href":"https:\/\/www.ferro-vert.fr\/index.php\/wp-json\/wp\/v2\/posts"}],"about":[{"href":"https:\/\/www.ferro-vert.fr\/index.php\/wp-json\/wp\/v2\/types\/post"}],"author":[{"embeddable":true,"href":"https:\/\/www.ferro-vert.fr\/index.php\/wp-json\/wp\/v2\/users\/2"}],"replies":[{"embeddable":true,"href":"https:\/\/www.ferro-vert.fr\/index.php\/wp-json\/wp\/v2\/comments?post=1376"}],"version-history":[{"count":0,"href":"https:\/\/www.ferro-vert.fr\/index.php\/wp-json\/wp\/v2\/posts\/1376\/revisions"}],"wp:featuredmedia":[{"embeddable":true,"href":"https:\/\/www.ferro-vert.fr\/index.php\/wp-json\/wp\/v2\/media\/1378"}],"wp:attachment":[{"href":"https:\/\/www.ferro-vert.fr\/index.php\/wp-json\/wp\/v2\/media?parent=1376"}],"wp:term":[{"taxonomy":"category","embeddable":true,"href":"https:\/\/www.ferro-vert.fr\/index.php\/wp-json\/wp\/v2\/categories?post=1376"},{"taxonomy":"post_tag","embeddable":true,"href":"https:\/\/www.ferro-vert.fr\/index.php\/wp-json\/wp\/v2\/tags?post=1376"}],"curies":[{"name":"wp","href":"https:\/\/api.w.org\/{rel}","templated":true}]}}